{"id":7411,"date":"2023-03-03T12:25:42","date_gmt":"2023-03-03T12:25:42","guid":{"rendered":"https:\/\/dcitalia.it\/?p=7411"},"modified":"2024-01-28T11:39:31","modified_gmt":"2024-01-28T11:39:31","slug":"cuffaro-incontra-i-vertici-della-libertas-gettate-le-basi-per-un-percorso-comune","status":"publish","type":"post","link":"https:\/\/totocuffaro.com\/?p=7411","title":{"rendered":"Cuffaro incontra i vertici della Libertas: &#8220;Gettate le basi per un percorso comune&#8221;"},"content":{"rendered":"\n<p><br>Il commissario regionale della Dc, Tot\u00f2 Cuffaro, e il vice commissario Pippo Enea, hanno incontrato il presidente della Libertas nazionale, Andrea Pantano, e il presidente onorario Calogero Musacchia.<\/p>\n\n\n\n<p>&#8220;Sono state gettate le basi per iniziare un percorso insieme &#8211; dichiara Cuffaro -. Condividiamo l\u2019idea&nbsp;&nbsp;di un soggetto politico che si rif\u00e0 alla tradizione Democristiana, quella di Sturzo e De Gasperi, basata sui valori della famiglia, della solidariet\u00e0, della giustizia, del lavoro e dell\u2019accoglienza. Insieme ai vertici nazionali della Libertas pensiamo ad un percorso comune che favorisca l&#8217;inclusione, la solidariet\u00e0 e il benessere sociale, obiettivi che la Dc persegue. Siamo convinti che lo sport sia il giusto collant per tenere insieme le cose che contano&#8221;.<\/p>\n\n\n\n<p>&#8220;Solleciteremo i nostri iscritti affinch\u00e8 riconoscano nella Libertas un soggetto a noi vicino nella promozione sportiva e culturale sul territorio al quale tesserarsi&#8221;, aggiunge Enea.<\/p>\n\n\n\n<p>\u201cUna visione comune sulle priorit\u00e0 del Paese, l\u2019idea di una societ\u00e0 capace di evolvere e vivere il cambiamento, mettendo al centro i valori che ci appartengono, come la famiglia, l\u2019accoglienza dell\u2019altro, il senso della legalit\u00e0 e la centralit\u00e0 del diritto al lavoro. Sono questi i presupposti per costruire un solido dialogo&nbsp;&nbsp;e un percorso che possiamo tracciare insieme. &#8211; ha sottolineato Pantano -.&nbsp;&nbsp;Siamo infatti convinti che lo sport possa contribuire in modo significativo ed estremamente concreto alla costruzione di una societ\u00e0 centrata sui cittadini, che sappia rispondere alle urgenze sociali ed economiche con seriet\u00e0 e lucidit\u00e0\u201d.<\/p>\n","protected":false},"excerpt":{"rendered":"<p>Il commissario regionale della Dc, Tot\u00f2 Cuffaro, e il vice commissario Pippo Enea, hanno incontrato il presidente della Libertas nazionale, Andrea Pantano, e il presidente onorario Calogero Musacchia. &#8220;Sono state gettate le basi per iniziare un percorso insieme &#8211; dichiara Cuffaro -. Condividiamo l\u2019idea&nbsp;&nbsp;di un soggetto politico che si rif\u00e0 alla tradizione Democristiana, quella di [&hellip;]<\/p>\n","protected":false},"author":1,"featured_media":0,"comment_status":"open","ping_status":"closed","sticky":true,"template":"","format":"standard","meta":{"_eb_attr":"","footnotes":""},"categories":[1],"tags":[],"class_list":["post-7411","post","type-post","status-publish","format-standard","hentry","category-uncategorized","entry","owp-thumbs-layout-horizontal","owp-btn-normal","owp-tabs-layout-horizontal","has-no-thumbnails","has-product-nav"],"yoast_head":"<!-- This site is optimized with the Yoast SEO plugin v21.9.1 - https:\/\/yoast.com\/wordpress\/plugins\/seo\/ -->\n<title>Cuffaro incontra i vertici della Libertas: &quot;Gettate le basi per un percorso comune&quot; - Tot\u00f2 Cuffaro<\/title>\n<meta name=\"description\" content=\"Tot\u00f2 Cuffaro - Sito Ufficiale - Cuffaro incontra i vertici della Libertas: &quot;Gettate le basi per un percorso comune&quot;\" \/>\n<meta name=\"robots\" content=\"index, follow, max-snippet:-1, max-image-preview:large, max-video-preview:-1\" \/>\n<link rel=\"canonical\" href=\"https:\/\/totocuffaro.com\/?p=7411\" \/>\n<meta property=\"og:locale\" content=\"it_IT\" \/>\n<meta property=\"og:type\" content=\"article\" \/>\n<meta property=\"og:title\" content=\"Cuffaro incontra i vertici della Libertas: &quot;Gettate le basi per un percorso comune&quot; - Tot\u00f2 Cuffaro\" \/>\n<meta property=\"og:description\" content=\"Tot\u00f2 Cuffaro - Sito Ufficiale - Cuffaro incontra i vertici della Libertas: &quot;Gettate le basi per un percorso comune&quot;\" \/>\n<meta property=\"og:url\" content=\"https:\/\/totocuffaro.com\/?p=7411\" \/>\n<meta property=\"og:site_name\" content=\"Tot\u00f2 Cuffaro\" \/>\n<meta property=\"article:publisher\" content=\"https:\/\/www.facebook.com\/TotoCuffaroPaginaUfficiale\" \/>\n<meta property=\"article:published_time\" content=\"2023-03-03T12:25:42+00:00\" \/>\n<meta property=\"article:modified_time\" content=\"2024-01-28T11:39:31+00:00\" \/>\n<meta name=\"author\" content=\"admin\" \/>\n<meta name=\"twitter:card\" content=\"summary_large_image\" \/>\n<meta name=\"twitter:creator\" content=\"@CuffaroToto\" \/>\n<meta name=\"twitter:site\" content=\"@CuffaroToto\" \/>\n<meta name=\"twitter:label1\" content=\"Scritto da\" \/>\n\t<meta name=\"twitter:data1\" content=\"admin\" \/>\n\t<meta name=\"twitter:label2\" content=\"Tempo di lettura stimato\" \/>\n\t<meta name=\"twitter:data2\" content=\"1 minuto\" \/>\n<script type=\"application\/ld+json\" class=\"yoast-schema-graph\">{\"@context\":\"https:\/\/schema.org\",\"@graph\":[{\"@type\":\"Article\",\"@id\":\"https:\/\/totocuffaro.com\/?p=7411#article\",\"isPartOf\":{\"@id\":\"https:\/\/totocuffaro.com\/?p=7411\"},\"author\":{\"name\":\"admin\",\"@id\":\"https:\/\/totocuffaro.com\/#\/schema\/person\/de93ce4252ce136942abb318d6af4003\"},\"headline\":\"Cuffaro incontra i vertici della Libertas: &#8220;Gettate le basi per un percorso comune&#8221;\",\"datePublished\":\"2023-03-03T12:25:42+00:00\",\"dateModified\":\"2024-01-28T11:39:31+00:00\",\"mainEntityOfPage\":{\"@id\":\"https:\/\/totocuffaro.com\/?p=7411\"},\"wordCount\":261,\"commentCount\":0,\"publisher\":{\"@id\":\"https:\/\/totocuffaro.com\/#organization\"},\"articleSection\":[\"Uncategorized\"],\"inLanguage\":\"it-IT\"},{\"@type\":\"WebPage\",\"@id\":\"https:\/\/totocuffaro.com\/?p=7411\",\"url\":\"https:\/\/totocuffaro.com\/?p=7411\",\"name\":\"Cuffaro incontra i vertici della Libertas: \\\"Gettate le basi per un percorso comune\\\" - Tot\u00f2 Cuffaro\",\"isPartOf\":{\"@id\":\"https:\/\/totocuffaro.com\/#website\"},\"datePublished\":\"2023-03-03T12:25:42+00:00\",\"dateModified\":\"2024-01-28T11:39:31+00:00\",\"description\":\"Tot\u00f2 Cuffaro - Sito Ufficiale - Cuffaro incontra i vertici della Libertas: \\\"Gettate le basi per un percorso comune\\\"\",\"breadcrumb\":{\"@id\":\"https:\/\/totocuffaro.com\/?p=7411#breadcrumb\"},\"inLanguage\":\"it-IT\",\"potentialAction\":[{\"@type\":\"ReadAction\",\"target\":[\"https:\/\/totocuffaro.com\/?p=7411\"]}]},{\"@type\":\"BreadcrumbList\",\"@id\":\"https:\/\/totocuffaro.com\/?p=7411#breadcrumb\",\"itemListElement\":[{\"@type\":\"ListItem\",\"position\":1,\"name\":\"Home\",\"item\":\"https:\/\/totocuffaro.com\/\"},{\"@type\":\"ListItem\",\"position\":2,\"name\":\"Cuffaro incontra i vertici della Libertas: &#8220;Gettate le basi per un percorso comune&#8221;\"}]},{\"@type\":\"WebSite\",\"@id\":\"https:\/\/totocuffaro.com\/#website\",\"url\":\"https:\/\/totocuffaro.com\/\",\"name\":\"Tot\u00f2 Cuffaro\",\"description\":\"Sito Ufficiale\",\"publisher\":{\"@id\":\"https:\/\/totocuffaro.com\/#organization\"},\"potentialAction\":[{\"@type\":\"SearchAction\",\"target\":{\"@type\":\"EntryPoint\",\"urlTemplate\":\"https:\/\/totocuffaro.com\/?s={search_term_string}\"},\"query-input\":\"required name=search_term_string\"}],\"inLanguage\":\"it-IT\"},{\"@type\":\"Organization\",\"@id\":\"https:\/\/totocuffaro.com\/#organization\",\"name\":\"Tot\u00f2 Cuffaro\",\"url\":\"https:\/\/totocuffaro.com\/\",\"logo\":{\"@type\":\"ImageObject\",\"inLanguage\":\"it-IT\",\"@id\":\"https:\/\/totocuffaro.com\/#\/schema\/logo\/image\/\",\"url\":\"https:\/\/totocuffaro.com\/wp-content\/uploads\/2024\/01\/SLIDER-CUFFARO-sito.jpg\",\"contentUrl\":\"https:\/\/totocuffaro.com\/wp-content\/uploads\/2024\/01\/SLIDER-CUFFARO-sito.jpg\",\"width\":1500,\"height\":844,\"caption\":\"Tot\u00f2 Cuffaro\"},\"image\":{\"@id\":\"https:\/\/totocuffaro.com\/#\/schema\/logo\/image\/\"},\"sameAs\":[\"https:\/\/www.facebook.com\/TotoCuffaroPaginaUfficiale\",\"https:\/\/twitter.com\/CuffaroToto\",\"https:\/\/www.instagram.com\/toto_cuffaro_pagina_ufficiale\/\"]},{\"@type\":\"Person\",\"@id\":\"https:\/\/totocuffaro.com\/#\/schema\/person\/de93ce4252ce136942abb318d6af4003\",\"name\":\"admin\",\"image\":{\"@type\":\"ImageObject\",\"inLanguage\":\"it-IT\",\"@id\":\"https:\/\/totocuffaro.com\/#\/schema\/person\/image\/\",\"url\":\"https:\/\/secure.gravatar.com\/avatar\/ef9652c75f4979b67ef54f9411df90e4674f6c7acff520471af6fbfd59f22514?s=96&d=mm&r=g\",\"contentUrl\":\"https:\/\/secure.gravatar.com\/avatar\/ef9652c75f4979b67ef54f9411df90e4674f6c7acff520471af6fbfd59f22514?s=96&d=mm&r=g\",\"caption\":\"admin\"},\"sameAs\":[\"https:\/\/totocuffaro.com\"],\"url\":\"https:\/\/totocuffaro.com\/?author=1\"}]}<\/script>\n<!-- \/ Yoast SEO plugin. -->","yoast_head_json":{"title":"Cuffaro incontra i vertici della Libertas: \"Gettate le basi per un percorso comune\" - Tot\u00f2 Cuffaro","description":"Tot\u00f2 Cuffaro - Sito Ufficiale - Cuffaro incontra i vertici della Libertas: \"Gettate le basi per un percorso comune\"","robots":{"index":"index","follow":"follow","max-snippet":"max-snippet:-1","max-image-preview":"max-image-preview:large","max-video-preview":"max-video-preview:-1"},"canonical":"https:\/\/totocuffaro.com\/?p=7411","og_locale":"it_IT","og_type":"article","og_title":"Cuffaro incontra i vertici della Libertas: \"Gettate le basi per un percorso comune\" - Tot\u00f2 Cuffaro","og_description":"Tot\u00f2 Cuffaro - Sito Ufficiale - Cuffaro incontra i vertici della Libertas: \"Gettate le basi per un percorso comune\"","og_url":"https:\/\/totocuffaro.com\/?p=7411","og_site_name":"Tot\u00f2 Cuffaro","article_publisher":"https:\/\/www.facebook.com\/TotoCuffaroPaginaUfficiale","article_published_time":"2023-03-03T12:25:42+00:00","article_modified_time":"2024-01-28T11:39:31+00:00","author":"admin","twitter_card":"summary_large_image","twitter_creator":"@CuffaroToto","twitter_site":"@CuffaroToto","twitter_misc":{"Scritto da":"admin","Tempo di lettura stimato":"1 minuto"},"schema":{"@context":"https:\/\/schema.org","@graph":[{"@type":"Article","@id":"https:\/\/totocuffaro.com\/?p=7411#article","isPartOf":{"@id":"https:\/\/totocuffaro.com\/?p=7411"},"author":{"name":"admin","@id":"https:\/\/totocuffaro.com\/#\/schema\/person\/de93ce4252ce136942abb318d6af4003"},"headline":"Cuffaro incontra i vertici della Libertas: &#8220;Gettate le basi per un percorso comune&#8221;","datePublished":"2023-03-03T12:25:42+00:00","dateModified":"2024-01-28T11:39:31+00:00","mainEntityOfPage":{"@id":"https:\/\/totocuffaro.com\/?p=7411"},"wordCount":261,"commentCount":0,"publisher":{"@id":"https:\/\/totocuffaro.com\/#organization"},"articleSection":["Uncategorized"],"inLanguage":"it-IT"},{"@type":"WebPage","@id":"https:\/\/totocuffaro.com\/?p=7411","url":"https:\/\/totocuffaro.com\/?p=7411","name":"Cuffaro incontra i vertici della Libertas: \"Gettate le basi per un percorso comune\" - Tot\u00f2 Cuffaro","isPartOf":{"@id":"https:\/\/totocuffaro.com\/#website"},"datePublished":"2023-03-03T12:25:42+00:00","dateModified":"2024-01-28T11:39:31+00:00","description":"Tot\u00f2 Cuffaro - Sito Ufficiale - Cuffaro incontra i vertici della Libertas: \"Gettate le basi per un percorso comune\"","breadcrumb":{"@id":"https:\/\/totocuffaro.com\/?p=7411#breadcrumb"},"inLanguage":"it-IT","potentialAction":[{"@type":"ReadAction","target":["https:\/\/totocuffaro.com\/?p=7411"]}]},{"@type":"BreadcrumbList","@id":"https:\/\/totocuffaro.com\/?p=7411#breadcrumb","itemListElement":[{"@type":"ListItem","position":1,"name":"Home","item":"https:\/\/totocuffaro.com\/"},{"@type":"ListItem","position":2,"name":"Cuffaro incontra i vertici della Libertas: &#8220;Gettate le basi per un percorso comune&#8221;"}]},{"@type":"WebSite","@id":"https:\/\/totocuffaro.com\/#website","url":"https:\/\/totocuffaro.com\/","name":"Tot\u00f2 Cuffaro","description":"Sito Ufficiale","publisher":{"@id":"https:\/\/totocuffaro.com\/#organization"},"potentialAction":[{"@type":"SearchAction","target":{"@type":"EntryPoint","urlTemplate":"https:\/\/totocuffaro.com\/?s={search_term_string}"},"query-input":"required name=search_term_string"}],"inLanguage":"it-IT"},{"@type":"Organization","@id":"https:\/\/totocuffaro.com\/#organization","name":"Tot\u00f2 Cuffaro","url":"https:\/\/totocuffaro.com\/","logo":{"@type":"ImageObject","inLanguage":"it-IT","@id":"https:\/\/totocuffaro.com\/#\/schema\/logo\/image\/","url":"https:\/\/totocuffaro.com\/wp-content\/uploads\/2024\/01\/SLIDER-CUFFARO-sito.jpg","contentUrl":"https:\/\/totocuffaro.com\/wp-content\/uploads\/2024\/01\/SLIDER-CUFFARO-sito.jpg","width":1500,"height":844,"caption":"Tot\u00f2 Cuffaro"},"image":{"@id":"https:\/\/totocuffaro.com\/#\/schema\/logo\/image\/"},"sameAs":["https:\/\/www.facebook.com\/TotoCuffaroPaginaUfficiale","https:\/\/twitter.com\/CuffaroToto","https:\/\/www.instagram.com\/toto_cuffaro_pagina_ufficiale\/"]},{"@type":"Person","@id":"https:\/\/totocuffaro.com\/#\/schema\/person\/de93ce4252ce136942abb318d6af4003","name":"admin","image":{"@type":"ImageObject","inLanguage":"it-IT","@id":"https:\/\/totocuffaro.com\/#\/schema\/person\/image\/","url":"https:\/\/secure.gravatar.com\/avatar\/ef9652c75f4979b67ef54f9411df90e4674f6c7acff520471af6fbfd59f22514?s=96&d=mm&r=g","contentUrl":"https:\/\/secure.gravatar.com\/avatar\/ef9652c75f4979b67ef54f9411df90e4674f6c7acff520471af6fbfd59f22514?s=96&d=mm&r=g","caption":"admin"},"sameAs":["https:\/\/totocuffaro.com"],"url":"https:\/\/totocuffaro.com\/?author=1"}]}},"jetpack_sharing_enabled":true,"jetpack_featured_media_url":"","_links":{"self":[{"href":"https:\/\/totocuffaro.com\/index.php?rest_route=\/wp\/v2\/posts\/7411","targetHints":{"allow":["GET"]}}],"collection":[{"href":"https:\/\/totocuffaro.com\/index.php?rest_route=\/wp\/v2\/posts"}],"about":[{"href":"https:\/\/totocuffaro.com\/index.php?rest_route=\/wp\/v2\/types\/post"}],"author":[{"embeddable":true,"href":"https:\/\/totocuffaro.com\/index.php?rest_route=\/wp\/v2\/users\/1"}],"replies":[{"embeddable":true,"href":"https:\/\/totocuffaro.com\/index.php?rest_route=%2Fwp%2Fv2%2Fcomments&post=7411"}],"version-history":[{"count":1,"href":"https:\/\/totocuffaro.com\/index.php?rest_route=\/wp\/v2\/posts\/7411\/revisions"}],"predecessor-version":[{"id":8428,"href":"https:\/\/totocuffaro.com\/index.php?rest_route=\/wp\/v2\/posts\/7411\/revisions\/8428"}],"wp:attachment":[{"href":"https:\/\/totocuffaro.com\/index.php?rest_route=%2Fwp%2Fv2%2Fmedia&parent=7411"}],"wp:term":[{"taxonomy":"category","embeddable":true,"href":"https:\/\/totocuffaro.com\/index.php?rest_route=%2Fwp%2Fv2%2Fcategories&post=7411"},{"taxonomy":"post_tag","embeddable":true,"href":"https:\/\/totocuffaro.com\/index.php?rest_route=%2Fwp%2Fv2%2Ftags&post=7411"}],"curies":[{"name":"wp","href":"https:\/\/api.w.org\/{rel}","templated":true}]}}