{"id":7713,"date":"2023-04-18T19:42:56","date_gmt":"2023-04-18T19:42:56","guid":{"rendered":"https:\/\/dcitalia.it\/?p=7713"},"modified":"2024-01-28T11:38:39","modified_gmt":"2024-01-28T11:38:39","slug":"1768-giorni-il-prossimo-4-maggio-presentazione-e-proiezione-del-documentario-su-toto-cuffaro","status":"publish","type":"post","link":"https:\/\/totocuffaro.com\/?p=7713","title":{"rendered":"&#8220;1768 giorni&#8221;: il prossimo 4 maggio presentazione e proiezione del documentario su Tot\u00f2 Cuffaro"},"content":{"rendered":"\n<p>&#8220;1768 giorni&#8221; \u00e8 il titolo del documentario su Tot\u00f2 Cuffaro che verr\u00e0 presentato e proiettato il prossimo 4 maggio, alle ore 18, presso il cinema multisala Politeama di Palermo.<\/p>\n\n\n\n<p>La pellicola del regista Marco Gallo, che ha seguito l\u2019ex presidente della Regione dalla sua uscita dal carcere fino ad oggi, accompagnando e filmando i suoi giorni in Burundi, il periodo della pandemia, il ritorno in politica, racconta parte della sua vita, prima e dopo l&#8217;esperienza del carcere. Un documentario dove emerge il lato umano del politico, passato dal potere al carcere fino alla riabilitazione.<\/p>\n\n\n\n<p>Sar\u00e0 possibile acquistare i biglietti per assistere alla prima del documentario soltanto online all\u2019indirizzo www.aiutiamoilburundi.org\/prenota-ora\/. Il ricavato della serata sar\u00e0 interamente devoluto all&#8217;associazione Aiutiamoilburundi onlus e contribuir\u00e0 a far vivere e studiare i tanti bambini orfani del Burundi.<\/p>\n\n\n\n<p>Del documentario \u201c1768 giorni\u201d, realizzato in 8 anni e prodotto dalla South Movie Comunicazione, \u00e8 gi\u00e0 disponibile il trailer https:\/\/youtu.be\/KCcoz-ewUn8.<\/p>\n\n\n\n<p>Prima della proiezione del documentario, i colleghi giornalisti potranno intervistare Tot\u00f2 Cuffaro, e il regista, Marco Gallo.<\/p>\n","protected":false},"excerpt":{"rendered":"<p>&#8220;1768 giorni&#8221; \u00e8 il titolo del documentario su Tot\u00f2 Cuffaro che verr\u00e0 presentato e proiettato il prossimo 4 maggio, alle ore 18, presso il cinema multisala Politeama di Palermo. La pellicola del regista Marco Gallo, che ha seguito l\u2019ex presidente della Regione dalla sua uscita dal carcere fino ad oggi, accompagnando e filmando i suoi [&hellip;]<\/p>\n","protected":false},"author":1,"featured_media":7714,"comment_status":"open","ping_status":"closed","sticky":true,"template":"","format":"standard","meta":{"_eb_attr":"","footnotes":""},"categories":[1],"tags":[],"class_list":["post-7713","post","type-post","status-publish","format-standard","has-post-thumbnail","hentry","category-uncategorized","entry","has-media","owp-thumbs-layout-horizontal","owp-btn-normal","owp-tabs-layout-horizontal","has-no-thumbnails","has-product-nav"],"yoast_head":"<!-- This site is optimized with the Yoast SEO plugin v21.9.1 - https:\/\/yoast.com\/wordpress\/plugins\/seo\/ -->\n<title>&quot;1768 giorni&quot;: il prossimo 4 maggio presentazione e proiezione del documentario su Tot\u00f2 Cuffaro - Tot\u00f2 Cuffaro<\/title>\n<meta name=\"description\" content=\"Tot\u00f2 Cuffaro - Sito Ufficiale - &quot;1768 giorni&quot;: il prossimo 4 maggio presentazione e proiezione del documentario su Tot\u00f2 Cuffaro\" \/>\n<meta name=\"robots\" content=\"index, follow, max-snippet:-1, max-image-preview:large, max-video-preview:-1\" \/>\n<link rel=\"canonical\" href=\"https:\/\/totocuffaro.com\/?p=7713\" \/>\n<meta property=\"og:locale\" content=\"it_IT\" \/>\n<meta property=\"og:type\" content=\"article\" \/>\n<meta property=\"og:title\" content=\"&quot;1768 giorni&quot;: il prossimo 4 maggio presentazione e proiezione del documentario su Tot\u00f2 Cuffaro - Tot\u00f2 Cuffaro\" \/>\n<meta property=\"og:description\" content=\"Tot\u00f2 Cuffaro - Sito Ufficiale - &quot;1768 giorni&quot;: il prossimo 4 maggio presentazione e proiezione del documentario su Tot\u00f2 Cuffaro\" \/>\n<meta property=\"og:url\" content=\"https:\/\/totocuffaro.com\/?p=7713\" \/>\n<meta property=\"og:site_name\" content=\"Tot\u00f2 Cuffaro\" \/>\n<meta property=\"article:publisher\" content=\"https:\/\/www.facebook.com\/TotoCuffaroPaginaUfficiale\" \/>\n<meta property=\"article:published_time\" content=\"2023-04-18T19:42:56+00:00\" \/>\n<meta property=\"article:modified_time\" content=\"2024-01-28T11:38:39+00:00\" \/>\n<meta property=\"og:image\" content=\"https:\/\/totocuffaro.com\/wp-content\/uploads\/2023\/04\/1999FA79-3DDE-47B0-B256-F829479E31C3.jpeg\" \/>\n\t<meta property=\"og:image:width\" content=\"1119\" \/>\n\t<meta property=\"og:image:height\" content=\"1600\" \/>\n\t<meta property=\"og:image:type\" content=\"image\/jpeg\" \/>\n<meta name=\"author\" content=\"admin\" \/>\n<meta name=\"twitter:card\" content=\"summary_large_image\" \/>\n<meta name=\"twitter:creator\" content=\"@CuffaroToto\" \/>\n<meta name=\"twitter:site\" content=\"@CuffaroToto\" \/>\n<meta name=\"twitter:label1\" content=\"Scritto da\" \/>\n\t<meta name=\"twitter:data1\" content=\"admin\" \/>\n\t<meta name=\"twitter:label2\" content=\"Tempo di lettura stimato\" \/>\n\t<meta name=\"twitter:data2\" content=\"1 minuto\" \/>\n<script type=\"application\/ld+json\" class=\"yoast-schema-graph\">{\"@context\":\"https:\/\/schema.org\",\"@graph\":[{\"@type\":\"Article\",\"@id\":\"https:\/\/totocuffaro.com\/?p=7713#article\",\"isPartOf\":{\"@id\":\"https:\/\/totocuffaro.com\/?p=7713\"},\"author\":{\"name\":\"admin\",\"@id\":\"https:\/\/totocuffaro.com\/#\/schema\/person\/de93ce4252ce136942abb318d6af4003\"},\"headline\":\"&#8220;1768 giorni&#8221;: il prossimo 4 maggio presentazione e proiezione del documentario su Tot\u00f2 Cuffaro\",\"datePublished\":\"2023-04-18T19:42:56+00:00\",\"dateModified\":\"2024-01-28T11:38:39+00:00\",\"mainEntityOfPage\":{\"@id\":\"https:\/\/totocuffaro.com\/?p=7713\"},\"wordCount\":184,\"commentCount\":0,\"publisher\":{\"@id\":\"https:\/\/totocuffaro.com\/#organization\"},\"articleSection\":[\"Uncategorized\"],\"inLanguage\":\"it-IT\"},{\"@type\":\"WebPage\",\"@id\":\"https:\/\/totocuffaro.com\/?p=7713\",\"url\":\"https:\/\/totocuffaro.com\/?p=7713\",\"name\":\"\\\"1768 giorni\\\": il prossimo 4 maggio presentazione e proiezione del documentario su Tot\u00f2 Cuffaro - Tot\u00f2 Cuffaro\",\"isPartOf\":{\"@id\":\"https:\/\/totocuffaro.com\/#website\"},\"datePublished\":\"2023-04-18T19:42:56+00:00\",\"dateModified\":\"2024-01-28T11:38:39+00:00\",\"description\":\"Tot\u00f2 Cuffaro - Sito Ufficiale - \\\"1768 giorni\\\": il prossimo 4 maggio presentazione e proiezione del documentario su Tot\u00f2 Cuffaro\",\"breadcrumb\":{\"@id\":\"https:\/\/totocuffaro.com\/?p=7713#breadcrumb\"},\"inLanguage\":\"it-IT\",\"potentialAction\":[{\"@type\":\"ReadAction\",\"target\":[\"https:\/\/totocuffaro.com\/?p=7713\"]}]},{\"@type\":\"BreadcrumbList\",\"@id\":\"https:\/\/totocuffaro.com\/?p=7713#breadcrumb\",\"itemListElement\":[{\"@type\":\"ListItem\",\"position\":1,\"name\":\"Home\",\"item\":\"https:\/\/totocuffaro.com\/\"},{\"@type\":\"ListItem\",\"position\":2,\"name\":\"&#8220;1768 giorni&#8221;: il prossimo 4 maggio presentazione e proiezione del documentario su Tot\u00f2 Cuffaro\"}]},{\"@type\":\"WebSite\",\"@id\":\"https:\/\/totocuffaro.com\/#website\",\"url\":\"https:\/\/totocuffaro.com\/\",\"name\":\"Tot\u00f2 Cuffaro\",\"description\":\"Sito Ufficiale\",\"publisher\":{\"@id\":\"https:\/\/totocuffaro.com\/#organization\"},\"potentialAction\":[{\"@type\":\"SearchAction\",\"target\":{\"@type\":\"EntryPoint\",\"urlTemplate\":\"https:\/\/totocuffaro.com\/?s={search_term_string}\"},\"query-input\":\"required name=search_term_string\"}],\"inLanguage\":\"it-IT\"},{\"@type\":\"Organization\",\"@id\":\"https:\/\/totocuffaro.com\/#organization\",\"name\":\"Tot\u00f2 Cuffaro\",\"url\":\"https:\/\/totocuffaro.com\/\",\"logo\":{\"@type\":\"ImageObject\",\"inLanguage\":\"it-IT\",\"@id\":\"https:\/\/totocuffaro.com\/#\/schema\/logo\/image\/\",\"url\":\"https:\/\/totocuffaro.com\/wp-content\/uploads\/2024\/01\/SLIDER-CUFFARO-sito.jpg\",\"contentUrl\":\"https:\/\/totocuffaro.com\/wp-content\/uploads\/2024\/01\/SLIDER-CUFFARO-sito.jpg\",\"width\":1500,\"height\":844,\"caption\":\"Tot\u00f2 Cuffaro\"},\"image\":{\"@id\":\"https:\/\/totocuffaro.com\/#\/schema\/logo\/image\/\"},\"sameAs\":[\"https:\/\/www.facebook.com\/TotoCuffaroPaginaUfficiale\",\"https:\/\/twitter.com\/CuffaroToto\",\"https:\/\/www.instagram.com\/toto_cuffaro_pagina_ufficiale\/\"]},{\"@type\":\"Person\",\"@id\":\"https:\/\/totocuffaro.com\/#\/schema\/person\/de93ce4252ce136942abb318d6af4003\",\"name\":\"admin\",\"image\":{\"@type\":\"ImageObject\",\"inLanguage\":\"it-IT\",\"@id\":\"https:\/\/totocuffaro.com\/#\/schema\/person\/image\/\",\"url\":\"https:\/\/secure.gravatar.com\/avatar\/ef9652c75f4979b67ef54f9411df90e4674f6c7acff520471af6fbfd59f22514?s=96&d=mm&r=g\",\"contentUrl\":\"https:\/\/secure.gravatar.com\/avatar\/ef9652c75f4979b67ef54f9411df90e4674f6c7acff520471af6fbfd59f22514?s=96&d=mm&r=g\",\"caption\":\"admin\"},\"sameAs\":[\"https:\/\/totocuffaro.com\"],\"url\":\"https:\/\/totocuffaro.com\/?author=1\"}]}<\/script>\n<!-- \/ Yoast SEO plugin. -->","yoast_head_json":{"title":"\"1768 giorni\": il prossimo 4 maggio presentazione e proiezione del documentario su Tot\u00f2 Cuffaro - Tot\u00f2 Cuffaro","description":"Tot\u00f2 Cuffaro - Sito Ufficiale - \"1768 giorni\": il prossimo 4 maggio presentazione e proiezione del documentario su Tot\u00f2 Cuffaro","robots":{"index":"index","follow":"follow","max-snippet":"max-snippet:-1","max-image-preview":"max-image-preview:large","max-video-preview":"max-video-preview:-1"},"canonical":"https:\/\/totocuffaro.com\/?p=7713","og_locale":"it_IT","og_type":"article","og_title":"\"1768 giorni\": il prossimo 4 maggio presentazione e proiezione del documentario su Tot\u00f2 Cuffaro - Tot\u00f2 Cuffaro","og_description":"Tot\u00f2 Cuffaro - Sito Ufficiale - \"1768 giorni\": il prossimo 4 maggio presentazione e proiezione del documentario su Tot\u00f2 Cuffaro","og_url":"https:\/\/totocuffaro.com\/?p=7713","og_site_name":"Tot\u00f2 Cuffaro","article_publisher":"https:\/\/www.facebook.com\/TotoCuffaroPaginaUfficiale","article_published_time":"2023-04-18T19:42:56+00:00","article_modified_time":"2024-01-28T11:38:39+00:00","og_image":[{"width":1119,"height":1600,"url":"https:\/\/totocuffaro.com\/wp-content\/uploads\/2023\/04\/1999FA79-3DDE-47B0-B256-F829479E31C3.jpeg","type":"image\/jpeg"}],"author":"admin","twitter_card":"summary_large_image","twitter_creator":"@CuffaroToto","twitter_site":"@CuffaroToto","twitter_misc":{"Scritto da":"admin","Tempo di lettura stimato":"1 minuto"},"schema":{"@context":"https:\/\/schema.org","@graph":[{"@type":"Article","@id":"https:\/\/totocuffaro.com\/?p=7713#article","isPartOf":{"@id":"https:\/\/totocuffaro.com\/?p=7713"},"author":{"name":"admin","@id":"https:\/\/totocuffaro.com\/#\/schema\/person\/de93ce4252ce136942abb318d6af4003"},"headline":"&#8220;1768 giorni&#8221;: il prossimo 4 maggio presentazione e proiezione del documentario su Tot\u00f2 Cuffaro","datePublished":"2023-04-18T19:42:56+00:00","dateModified":"2024-01-28T11:38:39+00:00","mainEntityOfPage":{"@id":"https:\/\/totocuffaro.com\/?p=7713"},"wordCount":184,"commentCount":0,"publisher":{"@id":"https:\/\/totocuffaro.com\/#organization"},"articleSection":["Uncategorized"],"inLanguage":"it-IT"},{"@type":"WebPage","@id":"https:\/\/totocuffaro.com\/?p=7713","url":"https:\/\/totocuffaro.com\/?p=7713","name":"\"1768 giorni\": il prossimo 4 maggio presentazione e proiezione del documentario su Tot\u00f2 Cuffaro - Tot\u00f2 Cuffaro","isPartOf":{"@id":"https:\/\/totocuffaro.com\/#website"},"datePublished":"2023-04-18T19:42:56+00:00","dateModified":"2024-01-28T11:38:39+00:00","description":"Tot\u00f2 Cuffaro - Sito Ufficiale - \"1768 giorni\": il prossimo 4 maggio presentazione e proiezione del documentario su Tot\u00f2 Cuffaro","breadcrumb":{"@id":"https:\/\/totocuffaro.com\/?p=7713#breadcrumb"},"inLanguage":"it-IT","potentialAction":[{"@type":"ReadAction","target":["https:\/\/totocuffaro.com\/?p=7713"]}]},{"@type":"BreadcrumbList","@id":"https:\/\/totocuffaro.com\/?p=7713#breadcrumb","itemListElement":[{"@type":"ListItem","position":1,"name":"Home","item":"https:\/\/totocuffaro.com\/"},{"@type":"ListItem","position":2,"name":"&#8220;1768 giorni&#8221;: il prossimo 4 maggio presentazione e proiezione del documentario su Tot\u00f2 Cuffaro"}]},{"@type":"WebSite","@id":"https:\/\/totocuffaro.com\/#website","url":"https:\/\/totocuffaro.com\/","name":"Tot\u00f2 Cuffaro","description":"Sito Ufficiale","publisher":{"@id":"https:\/\/totocuffaro.com\/#organization"},"potentialAction":[{"@type":"SearchAction","target":{"@type":"EntryPoint","urlTemplate":"https:\/\/totocuffaro.com\/?s={search_term_string}"},"query-input":"required name=search_term_string"}],"inLanguage":"it-IT"},{"@type":"Organization","@id":"https:\/\/totocuffaro.com\/#organization","name":"Tot\u00f2 Cuffaro","url":"https:\/\/totocuffaro.com\/","logo":{"@type":"ImageObject","inLanguage":"it-IT","@id":"https:\/\/totocuffaro.com\/#\/schema\/logo\/image\/","url":"https:\/\/totocuffaro.com\/wp-content\/uploads\/2024\/01\/SLIDER-CUFFARO-sito.jpg","contentUrl":"https:\/\/totocuffaro.com\/wp-content\/uploads\/2024\/01\/SLIDER-CUFFARO-sito.jpg","width":1500,"height":844,"caption":"Tot\u00f2 Cuffaro"},"image":{"@id":"https:\/\/totocuffaro.com\/#\/schema\/logo\/image\/"},"sameAs":["https:\/\/www.facebook.com\/TotoCuffaroPaginaUfficiale","https:\/\/twitter.com\/CuffaroToto","https:\/\/www.instagram.com\/toto_cuffaro_pagina_ufficiale\/"]},{"@type":"Person","@id":"https:\/\/totocuffaro.com\/#\/schema\/person\/de93ce4252ce136942abb318d6af4003","name":"admin","image":{"@type":"ImageObject","inLanguage":"it-IT","@id":"https:\/\/totocuffaro.com\/#\/schema\/person\/image\/","url":"https:\/\/secure.gravatar.com\/avatar\/ef9652c75f4979b67ef54f9411df90e4674f6c7acff520471af6fbfd59f22514?s=96&d=mm&r=g","contentUrl":"https:\/\/secure.gravatar.com\/avatar\/ef9652c75f4979b67ef54f9411df90e4674f6c7acff520471af6fbfd59f22514?s=96&d=mm&r=g","caption":"admin"},"sameAs":["https:\/\/totocuffaro.com"],"url":"https:\/\/totocuffaro.com\/?author=1"}]}},"jetpack_sharing_enabled":true,"jetpack_featured_media_url":"https:\/\/totocuffaro.com\/wp-content\/uploads\/2023\/04\/1999FA79-3DDE-47B0-B256-F829479E31C3.jpeg","_links":{"self":[{"href":"https:\/\/totocuffaro.com\/index.php?rest_route=\/wp\/v2\/posts\/7713","targetHints":{"allow":["GET"]}}],"collection":[{"href":"https:\/\/totocuffaro.com\/index.php?rest_route=\/wp\/v2\/posts"}],"about":[{"href":"https:\/\/totocuffaro.com\/index.php?rest_route=\/wp\/v2\/types\/post"}],"author":[{"embeddable":true,"href":"https:\/\/totocuffaro.com\/index.php?rest_route=\/wp\/v2\/users\/1"}],"replies":[{"embeddable":true,"href":"https:\/\/totocuffaro.com\/index.php?rest_route=%2Fwp%2Fv2%2Fcomments&post=7713"}],"version-history":[{"count":1,"href":"https:\/\/totocuffaro.com\/index.php?rest_route=\/wp\/v2\/posts\/7713\/revisions"}],"predecessor-version":[{"id":8422,"href":"https:\/\/totocuffaro.com\/index.php?rest_route=\/wp\/v2\/posts\/7713\/revisions\/8422"}],"wp:featuredmedia":[{"embeddable":true,"href":"https:\/\/totocuffaro.com\/index.php?rest_route=\/wp\/v2\/media\/7714"}],"wp:attachment":[{"href":"https:\/\/totocuffaro.com\/index.php?rest_route=%2Fwp%2Fv2%2Fmedia&parent=7713"}],"wp:term":[{"taxonomy":"category","embeddable":true,"href":"https:\/\/totocuffaro.com\/index.php?rest_route=%2Fwp%2Fv2%2Fcategories&post=7713"},{"taxonomy":"post_tag","embeddable":true,"href":"https:\/\/totocuffaro.com\/index.php?rest_route=%2Fwp%2Fv2%2Ftags&post=7713"}],"curies":[{"name":"wp","href":"https:\/\/api.w.org\/{rel}","templated":true}]}}