{"id":7741,"date":"2023-05-10T09:37:18","date_gmt":"2023-05-10T09:37:18","guid":{"rendered":"https:\/\/dcitalia.it\/?p=7741"},"modified":"2024-01-28T11:38:07","modified_gmt":"2024-01-28T11:38:07","slug":"cuffaro-segretario-nazionale-dc-la-dichiarazione-del-gruppo-consiliare-e-dellassessore-al-comune-di-palermo","status":"publish","type":"post","link":"https:\/\/totocuffaro.com\/?p=7741","title":{"rendered":"Cuffaro segretario nazionale Dc, la dichiarazione del gruppo consiliare e dell&#8217;assessore al Comune di Palermo"},"content":{"rendered":"\n<p>\u201cSiamo entusiasti ed orgogliosi per l\u2019elezione a segretario politico nazionale del nostro amico Tot\u00f2 Cuffaro, l\u2019uomo giusto per rilanciare la Democrazia Cristiana in tutto il territorio nazionale. Un partito vivo e in forte crescita che sapr\u00e0 diventare centrale nella costruzione di una nuova fase politica che veda il centro e i moderati protagonisti del rilancio del paese\u201d questo il commento dei consiglieri comunali di Palermo del gruppo DC Domenico Bonanno, Salvatore Imperiale e Viviana Raja e dell\u2019Assessore Giuliano Forzinetti.&nbsp;<\/p>\n\n\n\n<p>\u201cAbbiamo portato al Congresso Nazionale l\u2019esperienza del nostro gruppo consiliare, fatta di coraggio, impegno, radicamento, speranza e senso delle istituzioni. Da questo siamo partiti e lungo questa strada prosegue il nostro percorso a Palermo, in Sicilia e da oggi in tutta Italia\u201d aggiunge il capogruppo della DC al comune di Palermo Domenico Bonanno. \u201cUn ringraziamento sincero al segretario uscente Renato Grassi ed a tutta la dirigenza per il lavoro fin qui svolto, un in bocca al lupo al nuovo segretario Tot\u00f2 Cuffaro per il prestigioso incarico e un grazie di cuore per aver messo la sua esperienza e le sue qualit\u00e0 al servizio del partito e della nostra comunit\u00e0. Da oggi &#8211; conclude Bonanno &#8211; inizieremo a scrivere una nuova pagina di storia e noi, come sempre, faremo la nostra parte\u201d.<\/p>\n","protected":false},"excerpt":{"rendered":"<p>\u201cSiamo entusiasti ed orgogliosi per l\u2019elezione a segretario politico nazionale del nostro amico Tot\u00f2 Cuffaro, l\u2019uomo giusto per rilanciare la Democrazia Cristiana in tutto il territorio nazionale. Un partito vivo e in forte crescita che sapr\u00e0 diventare centrale nella costruzione di una nuova fase politica che veda il centro e i moderati protagonisti del rilancio [&hellip;]<\/p>\n","protected":false},"author":1,"featured_media":7940,"comment_status":"open","ping_status":"closed","sticky":true,"template":"","format":"standard","meta":{"_eb_attr":"","footnotes":""},"categories":[25,26],"tags":[],"class_list":["post-7741","post","type-post","status-publish","format-standard","has-post-thumbnail","hentry","category-dc-italia","category-democrazia-cristiana-nazionale","entry","has-media","owp-thumbs-layout-horizontal","owp-btn-normal","owp-tabs-layout-horizontal","has-no-thumbnails","has-product-nav"],"yoast_head":"<!-- This site is optimized with the Yoast SEO plugin v21.9.1 - https:\/\/yoast.com\/wordpress\/plugins\/seo\/ -->\n<title>Cuffaro segretario nazionale Dc, la dichiarazione del gruppo consiliare e dell&#039;assessore al Comune di Palermo - Tot\u00f2 Cuffaro<\/title>\n<meta name=\"description\" content=\"Tot\u00f2 Cuffaro - Sito Ufficiale - Cuffaro segretario nazionale Dc, la dichiarazione del gruppo consiliare e dell&#039;assessore al Comune di Palermo\" \/>\n<meta name=\"robots\" content=\"index, follow, max-snippet:-1, max-image-preview:large, max-video-preview:-1\" \/>\n<link rel=\"canonical\" href=\"https:\/\/totocuffaro.com\/?p=7741\" \/>\n<meta property=\"og:locale\" content=\"it_IT\" \/>\n<meta property=\"og:type\" content=\"article\" \/>\n<meta property=\"og:title\" content=\"Cuffaro segretario nazionale Dc, la dichiarazione del gruppo consiliare e dell&#039;assessore al Comune di Palermo - Tot\u00f2 Cuffaro\" \/>\n<meta property=\"og:description\" content=\"Tot\u00f2 Cuffaro - Sito Ufficiale - Cuffaro segretario nazionale Dc, la dichiarazione del gruppo consiliare e dell&#039;assessore al Comune di Palermo\" \/>\n<meta property=\"og:url\" content=\"https:\/\/totocuffaro.com\/?p=7741\" \/>\n<meta property=\"og:site_name\" content=\"Tot\u00f2 Cuffaro\" \/>\n<meta property=\"article:publisher\" content=\"https:\/\/www.facebook.com\/TotoCuffaroPaginaUfficiale\" \/>\n<meta property=\"article:published_time\" content=\"2023-05-10T09:37:18+00:00\" \/>\n<meta property=\"article:modified_time\" content=\"2024-01-28T11:38:07+00:00\" \/>\n<meta property=\"og:image\" content=\"https:\/\/totocuffaro.com\/wp-content\/uploads\/2023\/05\/203923850-a8ab9cd8-917c-45be-a378-2e357612a1ff.jpg\" \/>\n\t<meta property=\"og:image:width\" content=\"735\" \/>\n\t<meta property=\"og:image:height\" content=\"416\" \/>\n\t<meta property=\"og:image:type\" content=\"image\/jpeg\" \/>\n<meta name=\"author\" content=\"admin\" \/>\n<meta name=\"twitter:card\" content=\"summary_large_image\" \/>\n<meta name=\"twitter:creator\" content=\"@CuffaroToto\" \/>\n<meta name=\"twitter:site\" content=\"@CuffaroToto\" \/>\n<meta name=\"twitter:label1\" content=\"Scritto da\" \/>\n\t<meta name=\"twitter:data1\" content=\"admin\" \/>\n\t<meta name=\"twitter:label2\" content=\"Tempo di lettura stimato\" \/>\n\t<meta name=\"twitter:data2\" content=\"1 minuto\" \/>\n<script type=\"application\/ld+json\" class=\"yoast-schema-graph\">{\"@context\":\"https:\/\/schema.org\",\"@graph\":[{\"@type\":\"Article\",\"@id\":\"https:\/\/totocuffaro.com\/?p=7741#article\",\"isPartOf\":{\"@id\":\"https:\/\/totocuffaro.com\/?p=7741\"},\"author\":{\"name\":\"admin\",\"@id\":\"https:\/\/totocuffaro.com\/#\/schema\/person\/de93ce4252ce136942abb318d6af4003\"},\"headline\":\"Cuffaro segretario nazionale Dc, la dichiarazione del gruppo consiliare e dell&#8217;assessore al Comune di Palermo\",\"datePublished\":\"2023-05-10T09:37:18+00:00\",\"dateModified\":\"2024-01-28T11:38:07+00:00\",\"mainEntityOfPage\":{\"@id\":\"https:\/\/totocuffaro.com\/?p=7741\"},\"wordCount\":231,\"commentCount\":0,\"publisher\":{\"@id\":\"https:\/\/totocuffaro.com\/#organization\"},\"articleSection\":[\"DC Italia\",\"Democrazia Cristiana Nazionale\"],\"inLanguage\":\"it-IT\"},{\"@type\":\"WebPage\",\"@id\":\"https:\/\/totocuffaro.com\/?p=7741\",\"url\":\"https:\/\/totocuffaro.com\/?p=7741\",\"name\":\"Cuffaro segretario nazionale Dc, la dichiarazione del gruppo consiliare e dell'assessore al Comune di Palermo - Tot\u00f2 Cuffaro\",\"isPartOf\":{\"@id\":\"https:\/\/totocuffaro.com\/#website\"},\"datePublished\":\"2023-05-10T09:37:18+00:00\",\"dateModified\":\"2024-01-28T11:38:07+00:00\",\"description\":\"Tot\u00f2 Cuffaro - Sito Ufficiale - Cuffaro segretario nazionale Dc, la dichiarazione del gruppo consiliare e dell'assessore al Comune di Palermo\",\"breadcrumb\":{\"@id\":\"https:\/\/totocuffaro.com\/?p=7741#breadcrumb\"},\"inLanguage\":\"it-IT\",\"potentialAction\":[{\"@type\":\"ReadAction\",\"target\":[\"https:\/\/totocuffaro.com\/?p=7741\"]}]},{\"@type\":\"BreadcrumbList\",\"@id\":\"https:\/\/totocuffaro.com\/?p=7741#breadcrumb\",\"itemListElement\":[{\"@type\":\"ListItem\",\"position\":1,\"name\":\"Home\",\"item\":\"https:\/\/totocuffaro.com\/\"},{\"@type\":\"ListItem\",\"position\":2,\"name\":\"Cuffaro segretario nazionale Dc, la dichiarazione del gruppo consiliare e dell&#8217;assessore al Comune di Palermo\"}]},{\"@type\":\"WebSite\",\"@id\":\"https:\/\/totocuffaro.com\/#website\",\"url\":\"https:\/\/totocuffaro.com\/\",\"name\":\"Tot\u00f2 Cuffaro\",\"description\":\"Sito Ufficiale\",\"publisher\":{\"@id\":\"https:\/\/totocuffaro.com\/#organization\"},\"potentialAction\":[{\"@type\":\"SearchAction\",\"target\":{\"@type\":\"EntryPoint\",\"urlTemplate\":\"https:\/\/totocuffaro.com\/?s={search_term_string}\"},\"query-input\":\"required name=search_term_string\"}],\"inLanguage\":\"it-IT\"},{\"@type\":\"Organization\",\"@id\":\"https:\/\/totocuffaro.com\/#organization\",\"name\":\"Tot\u00f2 Cuffaro\",\"url\":\"https:\/\/totocuffaro.com\/\",\"logo\":{\"@type\":\"ImageObject\",\"inLanguage\":\"it-IT\",\"@id\":\"https:\/\/totocuffaro.com\/#\/schema\/logo\/image\/\",\"url\":\"https:\/\/totocuffaro.com\/wp-content\/uploads\/2024\/01\/SLIDER-CUFFARO-sito.jpg\",\"contentUrl\":\"https:\/\/totocuffaro.com\/wp-content\/uploads\/2024\/01\/SLIDER-CUFFARO-sito.jpg\",\"width\":1500,\"height\":844,\"caption\":\"Tot\u00f2 Cuffaro\"},\"image\":{\"@id\":\"https:\/\/totocuffaro.com\/#\/schema\/logo\/image\/\"},\"sameAs\":[\"https:\/\/www.facebook.com\/TotoCuffaroPaginaUfficiale\",\"https:\/\/twitter.com\/CuffaroToto\",\"https:\/\/www.instagram.com\/toto_cuffaro_pagina_ufficiale\/\"]},{\"@type\":\"Person\",\"@id\":\"https:\/\/totocuffaro.com\/#\/schema\/person\/de93ce4252ce136942abb318d6af4003\",\"name\":\"admin\",\"image\":{\"@type\":\"ImageObject\",\"inLanguage\":\"it-IT\",\"@id\":\"https:\/\/totocuffaro.com\/#\/schema\/person\/image\/\",\"url\":\"https:\/\/secure.gravatar.com\/avatar\/ef9652c75f4979b67ef54f9411df90e4674f6c7acff520471af6fbfd59f22514?s=96&d=mm&r=g\",\"contentUrl\":\"https:\/\/secure.gravatar.com\/avatar\/ef9652c75f4979b67ef54f9411df90e4674f6c7acff520471af6fbfd59f22514?s=96&d=mm&r=g\",\"caption\":\"admin\"},\"sameAs\":[\"https:\/\/totocuffaro.com\"],\"url\":\"https:\/\/totocuffaro.com\/?author=1\"}]}<\/script>\n<!-- \/ Yoast SEO plugin. -->","yoast_head_json":{"title":"Cuffaro segretario nazionale Dc, la dichiarazione del gruppo consiliare e dell'assessore al Comune di Palermo - Tot\u00f2 Cuffaro","description":"Tot\u00f2 Cuffaro - Sito Ufficiale - Cuffaro segretario nazionale Dc, la dichiarazione del gruppo consiliare e dell'assessore al Comune di Palermo","robots":{"index":"index","follow":"follow","max-snippet":"max-snippet:-1","max-image-preview":"max-image-preview:large","max-video-preview":"max-video-preview:-1"},"canonical":"https:\/\/totocuffaro.com\/?p=7741","og_locale":"it_IT","og_type":"article","og_title":"Cuffaro segretario nazionale Dc, la dichiarazione del gruppo consiliare e dell'assessore al Comune di Palermo - Tot\u00f2 Cuffaro","og_description":"Tot\u00f2 Cuffaro - Sito Ufficiale - Cuffaro segretario nazionale Dc, la dichiarazione del gruppo consiliare e dell'assessore al Comune di Palermo","og_url":"https:\/\/totocuffaro.com\/?p=7741","og_site_name":"Tot\u00f2 Cuffaro","article_publisher":"https:\/\/www.facebook.com\/TotoCuffaroPaginaUfficiale","article_published_time":"2023-05-10T09:37:18+00:00","article_modified_time":"2024-01-28T11:38:07+00:00","og_image":[{"width":735,"height":416,"url":"https:\/\/totocuffaro.com\/wp-content\/uploads\/2023\/05\/203923850-a8ab9cd8-917c-45be-a378-2e357612a1ff.jpg","type":"image\/jpeg"}],"author":"admin","twitter_card":"summary_large_image","twitter_creator":"@CuffaroToto","twitter_site":"@CuffaroToto","twitter_misc":{"Scritto da":"admin","Tempo di lettura stimato":"1 minuto"},"schema":{"@context":"https:\/\/schema.org","@graph":[{"@type":"Article","@id":"https:\/\/totocuffaro.com\/?p=7741#article","isPartOf":{"@id":"https:\/\/totocuffaro.com\/?p=7741"},"author":{"name":"admin","@id":"https:\/\/totocuffaro.com\/#\/schema\/person\/de93ce4252ce136942abb318d6af4003"},"headline":"Cuffaro segretario nazionale Dc, la dichiarazione del gruppo consiliare e dell&#8217;assessore al Comune di Palermo","datePublished":"2023-05-10T09:37:18+00:00","dateModified":"2024-01-28T11:38:07+00:00","mainEntityOfPage":{"@id":"https:\/\/totocuffaro.com\/?p=7741"},"wordCount":231,"commentCount":0,"publisher":{"@id":"https:\/\/totocuffaro.com\/#organization"},"articleSection":["DC Italia","Democrazia Cristiana Nazionale"],"inLanguage":"it-IT"},{"@type":"WebPage","@id":"https:\/\/totocuffaro.com\/?p=7741","url":"https:\/\/totocuffaro.com\/?p=7741","name":"Cuffaro segretario nazionale Dc, la dichiarazione del gruppo consiliare e dell'assessore al Comune di Palermo - Tot\u00f2 Cuffaro","isPartOf":{"@id":"https:\/\/totocuffaro.com\/#website"},"datePublished":"2023-05-10T09:37:18+00:00","dateModified":"2024-01-28T11:38:07+00:00","description":"Tot\u00f2 Cuffaro - Sito Ufficiale - Cuffaro segretario nazionale Dc, la dichiarazione del gruppo consiliare e dell'assessore al Comune di Palermo","breadcrumb":{"@id":"https:\/\/totocuffaro.com\/?p=7741#breadcrumb"},"inLanguage":"it-IT","potentialAction":[{"@type":"ReadAction","target":["https:\/\/totocuffaro.com\/?p=7741"]}]},{"@type":"BreadcrumbList","@id":"https:\/\/totocuffaro.com\/?p=7741#breadcrumb","itemListElement":[{"@type":"ListItem","position":1,"name":"Home","item":"https:\/\/totocuffaro.com\/"},{"@type":"ListItem","position":2,"name":"Cuffaro segretario nazionale Dc, la dichiarazione del gruppo consiliare e dell&#8217;assessore al Comune di Palermo"}]},{"@type":"WebSite","@id":"https:\/\/totocuffaro.com\/#website","url":"https:\/\/totocuffaro.com\/","name":"Tot\u00f2 Cuffaro","description":"Sito Ufficiale","publisher":{"@id":"https:\/\/totocuffaro.com\/#organization"},"potentialAction":[{"@type":"SearchAction","target":{"@type":"EntryPoint","urlTemplate":"https:\/\/totocuffaro.com\/?s={search_term_string}"},"query-input":"required name=search_term_string"}],"inLanguage":"it-IT"},{"@type":"Organization","@id":"https:\/\/totocuffaro.com\/#organization","name":"Tot\u00f2 Cuffaro","url":"https:\/\/totocuffaro.com\/","logo":{"@type":"ImageObject","inLanguage":"it-IT","@id":"https:\/\/totocuffaro.com\/#\/schema\/logo\/image\/","url":"https:\/\/totocuffaro.com\/wp-content\/uploads\/2024\/01\/SLIDER-CUFFARO-sito.jpg","contentUrl":"https:\/\/totocuffaro.com\/wp-content\/uploads\/2024\/01\/SLIDER-CUFFARO-sito.jpg","width":1500,"height":844,"caption":"Tot\u00f2 Cuffaro"},"image":{"@id":"https:\/\/totocuffaro.com\/#\/schema\/logo\/image\/"},"sameAs":["https:\/\/www.facebook.com\/TotoCuffaroPaginaUfficiale","https:\/\/twitter.com\/CuffaroToto","https:\/\/www.instagram.com\/toto_cuffaro_pagina_ufficiale\/"]},{"@type":"Person","@id":"https:\/\/totocuffaro.com\/#\/schema\/person\/de93ce4252ce136942abb318d6af4003","name":"admin","image":{"@type":"ImageObject","inLanguage":"it-IT","@id":"https:\/\/totocuffaro.com\/#\/schema\/person\/image\/","url":"https:\/\/secure.gravatar.com\/avatar\/ef9652c75f4979b67ef54f9411df90e4674f6c7acff520471af6fbfd59f22514?s=96&d=mm&r=g","contentUrl":"https:\/\/secure.gravatar.com\/avatar\/ef9652c75f4979b67ef54f9411df90e4674f6c7acff520471af6fbfd59f22514?s=96&d=mm&r=g","caption":"admin"},"sameAs":["https:\/\/totocuffaro.com"],"url":"https:\/\/totocuffaro.com\/?author=1"}]}},"jetpack_sharing_enabled":true,"jetpack_featured_media_url":"https:\/\/totocuffaro.com\/wp-content\/uploads\/2023\/05\/203923850-a8ab9cd8-917c-45be-a378-2e357612a1ff.jpg","_links":{"self":[{"href":"https:\/\/totocuffaro.com\/index.php?rest_route=\/wp\/v2\/posts\/7741","targetHints":{"allow":["GET"]}}],"collection":[{"href":"https:\/\/totocuffaro.com\/index.php?rest_route=\/wp\/v2\/posts"}],"about":[{"href":"https:\/\/totocuffaro.com\/index.php?rest_route=\/wp\/v2\/types\/post"}],"author":[{"embeddable":true,"href":"https:\/\/totocuffaro.com\/index.php?rest_route=\/wp\/v2\/users\/1"}],"replies":[{"embeddable":true,"href":"https:\/\/totocuffaro.com\/index.php?rest_route=%2Fwp%2Fv2%2Fcomments&post=7741"}],"version-history":[{"count":1,"href":"https:\/\/totocuffaro.com\/index.php?rest_route=\/wp\/v2\/posts\/7741\/revisions"}],"predecessor-version":[{"id":8421,"href":"https:\/\/totocuffaro.com\/index.php?rest_route=\/wp\/v2\/posts\/7741\/revisions\/8421"}],"wp:featuredmedia":[{"embeddable":true,"href":"https:\/\/totocuffaro.com\/index.php?rest_route=\/wp\/v2\/media\/7940"}],"wp:attachment":[{"href":"https:\/\/totocuffaro.com\/index.php?rest_route=%2Fwp%2Fv2%2Fmedia&parent=7741"}],"wp:term":[{"taxonomy":"category","embeddable":true,"href":"https:\/\/totocuffaro.com\/index.php?rest_route=%2Fwp%2Fv2%2Fcategories&post=7741"},{"taxonomy":"post_tag","embeddable":true,"href":"https:\/\/totocuffaro.com\/index.php?rest_route=%2Fwp%2Fv2%2Ftags&post=7741"}],"curies":[{"name":"wp","href":"https:\/\/api.w.org\/{rel}","templated":true}]}}