{"id":9061,"date":"2024-02-15T20:25:27","date_gmt":"2024-02-15T20:25:27","guid":{"rendered":"https:\/\/totocuffaro.com\/?p=9061"},"modified":"2024-02-15T20:26:14","modified_gmt":"2024-02-15T20:26:14","slug":"piazzapulita-su-la7","status":"publish","type":"post","link":"https:\/\/totocuffaro.com\/?p=9061","title":{"rendered":"Piazzapulita su La7"},"content":{"rendered":"\n<p>Questa sera sar\u00f2 ospite al programma Piazzapulita di Corrado Formigli che andr\u00e0 in onda alle ore 21:15 su La7<\/p>\n","protected":false},"excerpt":{"rendered":"<p>Questa sera sar\u00f2 ospite al programma Piazzapulita di Corrado Formigli che andr\u00e0 in onda alle ore 21:15 su La7<\/p>\n","protected":false},"author":1,"featured_media":9062,"comment_status":"closed","ping_status":"closed","sticky":true,"template":"","format":"standard","meta":{"_eb_attr":"","footnotes":""},"categories":[118],"tags":[121,74,29,75,120],"class_list":["post-9061","post","type-post","status-publish","format-standard","has-post-thumbnail","hentry","category-cuffaro","tag-corrado-formigli","tag-cuffaro","tag-dc","tag-democrazia-cristiana","tag-piazzapulita","entry","has-media","owp-thumbs-layout-horizontal","owp-btn-normal","owp-tabs-layout-horizontal","has-no-thumbnails","has-product-nav"],"yoast_head":"<!-- This site is optimized with the Yoast SEO plugin v21.9.1 - https:\/\/yoast.com\/wordpress\/plugins\/seo\/ -->\n<title>Piazzapulita su La7 - Tot\u00f2 Cuffaro<\/title>\n<meta name=\"description\" content=\"Questa sera sar\u00f2 ospite al programma Piazzapulita di Corrado Formigli che andr\u00e0 in onda alle ore 21:15 su La7\" \/>\n<meta name=\"robots\" content=\"index, follow, max-snippet:-1, max-image-preview:large, max-video-preview:-1\" \/>\n<link rel=\"canonical\" href=\"https:\/\/totocuffaro.com\/?p=9061\" \/>\n<meta property=\"og:locale\" content=\"it_IT\" \/>\n<meta property=\"og:type\" content=\"article\" \/>\n<meta property=\"og:title\" content=\"Piazzapulita su La7 - Tot\u00f2 Cuffaro\" \/>\n<meta property=\"og:description\" content=\"Questa sera sar\u00f2 ospite al programma Piazzapulita di Corrado Formigli che andr\u00e0 in onda alle ore 21:15 su La7\" \/>\n<meta property=\"og:url\" content=\"https:\/\/totocuffaro.com\/?p=9061\" \/>\n<meta property=\"og:site_name\" content=\"Tot\u00f2 Cuffaro\" \/>\n<meta property=\"article:publisher\" content=\"https:\/\/www.facebook.com\/TotoCuffaroPaginaUfficiale\" \/>\n<meta property=\"article:published_time\" content=\"2024-02-15T20:25:27+00:00\" \/>\n<meta property=\"article:modified_time\" content=\"2024-02-15T20:26:14+00:00\" \/>\n<meta property=\"og:image\" content=\"https:\/\/totocuffaro.com\/wp-content\/uploads\/2024\/02\/piazzapulita.jpg\" \/>\n\t<meta property=\"og:image:width\" content=\"2048\" \/>\n\t<meta property=\"og:image:height\" content=\"2035\" \/>\n\t<meta property=\"og:image:type\" content=\"image\/jpeg\" \/>\n<meta name=\"author\" content=\"admin\" \/>\n<meta name=\"twitter:card\" content=\"summary_large_image\" \/>\n<meta name=\"twitter:creator\" content=\"@CuffaroToto\" \/>\n<meta name=\"twitter:site\" content=\"@CuffaroToto\" \/>\n<meta name=\"twitter:label1\" content=\"Scritto da\" \/>\n\t<meta name=\"twitter:data1\" content=\"admin\" \/>\n\t<meta name=\"twitter:label2\" content=\"Tempo di lettura stimato\" \/>\n\t<meta name=\"twitter:data2\" content=\"1 minuto\" \/>\n<script type=\"application\/ld+json\" class=\"yoast-schema-graph\">{\"@context\":\"https:\/\/schema.org\",\"@graph\":[{\"@type\":\"Article\",\"@id\":\"https:\/\/totocuffaro.com\/?p=9061#article\",\"isPartOf\":{\"@id\":\"https:\/\/totocuffaro.com\/?p=9061\"},\"author\":{\"name\":\"admin\",\"@id\":\"https:\/\/totocuffaro.com\/#\/schema\/person\/de93ce4252ce136942abb318d6af4003\"},\"headline\":\"Piazzapulita su La7\",\"datePublished\":\"2024-02-15T20:25:27+00:00\",\"dateModified\":\"2024-02-15T20:26:14+00:00\",\"mainEntityOfPage\":{\"@id\":\"https:\/\/totocuffaro.com\/?p=9061\"},\"wordCount\":21,\"publisher\":{\"@id\":\"https:\/\/totocuffaro.com\/#organization\"},\"keywords\":[\"Corrado Formigli\",\"Cuffaro\",\"DC\",\"Democrazia Cristiana\",\"piazzapulita\"],\"articleSection\":[\"Cuffaro\"],\"inLanguage\":\"it-IT\"},{\"@type\":\"WebPage\",\"@id\":\"https:\/\/totocuffaro.com\/?p=9061\",\"url\":\"https:\/\/totocuffaro.com\/?p=9061\",\"name\":\"Piazzapulita su La7 - Tot\u00f2 Cuffaro\",\"isPartOf\":{\"@id\":\"https:\/\/totocuffaro.com\/#website\"},\"datePublished\":\"2024-02-15T20:25:27+00:00\",\"dateModified\":\"2024-02-15T20:26:14+00:00\",\"description\":\"Questa sera sar\u00f2 ospite al programma Piazzapulita di Corrado Formigli che andr\u00e0 in onda alle ore 21:15 su La7\",\"breadcrumb\":{\"@id\":\"https:\/\/totocuffaro.com\/?p=9061#breadcrumb\"},\"inLanguage\":\"it-IT\",\"potentialAction\":[{\"@type\":\"ReadAction\",\"target\":[\"https:\/\/totocuffaro.com\/?p=9061\"]}]},{\"@type\":\"BreadcrumbList\",\"@id\":\"https:\/\/totocuffaro.com\/?p=9061#breadcrumb\",\"itemListElement\":[{\"@type\":\"ListItem\",\"position\":1,\"name\":\"Home\",\"item\":\"https:\/\/totocuffaro.com\/\"},{\"@type\":\"ListItem\",\"position\":2,\"name\":\"Piazzapulita su La7\"}]},{\"@type\":\"WebSite\",\"@id\":\"https:\/\/totocuffaro.com\/#website\",\"url\":\"https:\/\/totocuffaro.com\/\",\"name\":\"Tot\u00f2 Cuffaro\",\"description\":\"Sito Ufficiale\",\"publisher\":{\"@id\":\"https:\/\/totocuffaro.com\/#organization\"},\"potentialAction\":[{\"@type\":\"SearchAction\",\"target\":{\"@type\":\"EntryPoint\",\"urlTemplate\":\"https:\/\/totocuffaro.com\/?s={search_term_string}\"},\"query-input\":\"required name=search_term_string\"}],\"inLanguage\":\"it-IT\"},{\"@type\":\"Organization\",\"@id\":\"https:\/\/totocuffaro.com\/#organization\",\"name\":\"Tot\u00f2 Cuffaro\",\"url\":\"https:\/\/totocuffaro.com\/\",\"logo\":{\"@type\":\"ImageObject\",\"inLanguage\":\"it-IT\",\"@id\":\"https:\/\/totocuffaro.com\/#\/schema\/logo\/image\/\",\"url\":\"https:\/\/totocuffaro.com\/wp-content\/uploads\/2024\/01\/SLIDER-CUFFARO-sito.jpg\",\"contentUrl\":\"https:\/\/totocuffaro.com\/wp-content\/uploads\/2024\/01\/SLIDER-CUFFARO-sito.jpg\",\"width\":1500,\"height\":844,\"caption\":\"Tot\u00f2 Cuffaro\"},\"image\":{\"@id\":\"https:\/\/totocuffaro.com\/#\/schema\/logo\/image\/\"},\"sameAs\":[\"https:\/\/www.facebook.com\/TotoCuffaroPaginaUfficiale\",\"https:\/\/twitter.com\/CuffaroToto\",\"https:\/\/www.instagram.com\/toto_cuffaro_pagina_ufficiale\/\"]},{\"@type\":\"Person\",\"@id\":\"https:\/\/totocuffaro.com\/#\/schema\/person\/de93ce4252ce136942abb318d6af4003\",\"name\":\"admin\",\"image\":{\"@type\":\"ImageObject\",\"inLanguage\":\"it-IT\",\"@id\":\"https:\/\/totocuffaro.com\/#\/schema\/person\/image\/\",\"url\":\"https:\/\/secure.gravatar.com\/avatar\/ef9652c75f4979b67ef54f9411df90e4674f6c7acff520471af6fbfd59f22514?s=96&d=mm&r=g\",\"contentUrl\":\"https:\/\/secure.gravatar.com\/avatar\/ef9652c75f4979b67ef54f9411df90e4674f6c7acff520471af6fbfd59f22514?s=96&d=mm&r=g\",\"caption\":\"admin\"},\"sameAs\":[\"https:\/\/totocuffaro.com\"],\"url\":\"https:\/\/totocuffaro.com\/?author=1\"}]}<\/script>\n<!-- \/ Yoast SEO plugin. -->","yoast_head_json":{"title":"Piazzapulita su La7 - Tot\u00f2 Cuffaro","description":"Questa sera sar\u00f2 ospite al programma Piazzapulita di Corrado Formigli che andr\u00e0 in onda alle ore 21:15 su La7","robots":{"index":"index","follow":"follow","max-snippet":"max-snippet:-1","max-image-preview":"max-image-preview:large","max-video-preview":"max-video-preview:-1"},"canonical":"https:\/\/totocuffaro.com\/?p=9061","og_locale":"it_IT","og_type":"article","og_title":"Piazzapulita su La7 - Tot\u00f2 Cuffaro","og_description":"Questa sera sar\u00f2 ospite al programma Piazzapulita di Corrado Formigli che andr\u00e0 in onda alle ore 21:15 su La7","og_url":"https:\/\/totocuffaro.com\/?p=9061","og_site_name":"Tot\u00f2 Cuffaro","article_publisher":"https:\/\/www.facebook.com\/TotoCuffaroPaginaUfficiale","article_published_time":"2024-02-15T20:25:27+00:00","article_modified_time":"2024-02-15T20:26:14+00:00","og_image":[{"width":2048,"height":2035,"url":"https:\/\/totocuffaro.com\/wp-content\/uploads\/2024\/02\/piazzapulita.jpg","type":"image\/jpeg"}],"author":"admin","twitter_card":"summary_large_image","twitter_creator":"@CuffaroToto","twitter_site":"@CuffaroToto","twitter_misc":{"Scritto da":"admin","Tempo di lettura stimato":"1 minuto"},"schema":{"@context":"https:\/\/schema.org","@graph":[{"@type":"Article","@id":"https:\/\/totocuffaro.com\/?p=9061#article","isPartOf":{"@id":"https:\/\/totocuffaro.com\/?p=9061"},"author":{"name":"admin","@id":"https:\/\/totocuffaro.com\/#\/schema\/person\/de93ce4252ce136942abb318d6af4003"},"headline":"Piazzapulita su La7","datePublished":"2024-02-15T20:25:27+00:00","dateModified":"2024-02-15T20:26:14+00:00","mainEntityOfPage":{"@id":"https:\/\/totocuffaro.com\/?p=9061"},"wordCount":21,"publisher":{"@id":"https:\/\/totocuffaro.com\/#organization"},"keywords":["Corrado Formigli","Cuffaro","DC","Democrazia Cristiana","piazzapulita"],"articleSection":["Cuffaro"],"inLanguage":"it-IT"},{"@type":"WebPage","@id":"https:\/\/totocuffaro.com\/?p=9061","url":"https:\/\/totocuffaro.com\/?p=9061","name":"Piazzapulita su La7 - Tot\u00f2 Cuffaro","isPartOf":{"@id":"https:\/\/totocuffaro.com\/#website"},"datePublished":"2024-02-15T20:25:27+00:00","dateModified":"2024-02-15T20:26:14+00:00","description":"Questa sera sar\u00f2 ospite al programma Piazzapulita di Corrado Formigli che andr\u00e0 in onda alle ore 21:15 su La7","breadcrumb":{"@id":"https:\/\/totocuffaro.com\/?p=9061#breadcrumb"},"inLanguage":"it-IT","potentialAction":[{"@type":"ReadAction","target":["https:\/\/totocuffaro.com\/?p=9061"]}]},{"@type":"BreadcrumbList","@id":"https:\/\/totocuffaro.com\/?p=9061#breadcrumb","itemListElement":[{"@type":"ListItem","position":1,"name":"Home","item":"https:\/\/totocuffaro.com\/"},{"@type":"ListItem","position":2,"name":"Piazzapulita su La7"}]},{"@type":"WebSite","@id":"https:\/\/totocuffaro.com\/#website","url":"https:\/\/totocuffaro.com\/","name":"Tot\u00f2 Cuffaro","description":"Sito Ufficiale","publisher":{"@id":"https:\/\/totocuffaro.com\/#organization"},"potentialAction":[{"@type":"SearchAction","target":{"@type":"EntryPoint","urlTemplate":"https:\/\/totocuffaro.com\/?s={search_term_string}"},"query-input":"required name=search_term_string"}],"inLanguage":"it-IT"},{"@type":"Organization","@id":"https:\/\/totocuffaro.com\/#organization","name":"Tot\u00f2 Cuffaro","url":"https:\/\/totocuffaro.com\/","logo":{"@type":"ImageObject","inLanguage":"it-IT","@id":"https:\/\/totocuffaro.com\/#\/schema\/logo\/image\/","url":"https:\/\/totocuffaro.com\/wp-content\/uploads\/2024\/01\/SLIDER-CUFFARO-sito.jpg","contentUrl":"https:\/\/totocuffaro.com\/wp-content\/uploads\/2024\/01\/SLIDER-CUFFARO-sito.jpg","width":1500,"height":844,"caption":"Tot\u00f2 Cuffaro"},"image":{"@id":"https:\/\/totocuffaro.com\/#\/schema\/logo\/image\/"},"sameAs":["https:\/\/www.facebook.com\/TotoCuffaroPaginaUfficiale","https:\/\/twitter.com\/CuffaroToto","https:\/\/www.instagram.com\/toto_cuffaro_pagina_ufficiale\/"]},{"@type":"Person","@id":"https:\/\/totocuffaro.com\/#\/schema\/person\/de93ce4252ce136942abb318d6af4003","name":"admin","image":{"@type":"ImageObject","inLanguage":"it-IT","@id":"https:\/\/totocuffaro.com\/#\/schema\/person\/image\/","url":"https:\/\/secure.gravatar.com\/avatar\/ef9652c75f4979b67ef54f9411df90e4674f6c7acff520471af6fbfd59f22514?s=96&d=mm&r=g","contentUrl":"https:\/\/secure.gravatar.com\/avatar\/ef9652c75f4979b67ef54f9411df90e4674f6c7acff520471af6fbfd59f22514?s=96&d=mm&r=g","caption":"admin"},"sameAs":["https:\/\/totocuffaro.com"],"url":"https:\/\/totocuffaro.com\/?author=1"}]}},"jetpack_sharing_enabled":true,"jetpack_featured_media_url":"https:\/\/totocuffaro.com\/wp-content\/uploads\/2024\/02\/piazzapulita.jpg","_links":{"self":[{"href":"https:\/\/totocuffaro.com\/index.php?rest_route=\/wp\/v2\/posts\/9061","targetHints":{"allow":["GET"]}}],"collection":[{"href":"https:\/\/totocuffaro.com\/index.php?rest_route=\/wp\/v2\/posts"}],"about":[{"href":"https:\/\/totocuffaro.com\/index.php?rest_route=\/wp\/v2\/types\/post"}],"author":[{"embeddable":true,"href":"https:\/\/totocuffaro.com\/index.php?rest_route=\/wp\/v2\/users\/1"}],"replies":[{"embeddable":true,"href":"https:\/\/totocuffaro.com\/index.php?rest_route=%2Fwp%2Fv2%2Fcomments&post=9061"}],"version-history":[{"count":1,"href":"https:\/\/totocuffaro.com\/index.php?rest_route=\/wp\/v2\/posts\/9061\/revisions"}],"predecessor-version":[{"id":9063,"href":"https:\/\/totocuffaro.com\/index.php?rest_route=\/wp\/v2\/posts\/9061\/revisions\/9063"}],"wp:featuredmedia":[{"embeddable":true,"href":"https:\/\/totocuffaro.com\/index.php?rest_route=\/wp\/v2\/media\/9062"}],"wp:attachment":[{"href":"https:\/\/totocuffaro.com\/index.php?rest_route=%2Fwp%2Fv2%2Fmedia&parent=9061"}],"wp:term":[{"taxonomy":"category","embeddable":true,"href":"https:\/\/totocuffaro.com\/index.php?rest_route=%2Fwp%2Fv2%2Fcategories&post=9061"},{"taxonomy":"post_tag","embeddable":true,"href":"https:\/\/totocuffaro.com\/index.php?rest_route=%2Fwp%2Fv2%2Ftags&post=9061"}],"curies":[{"name":"wp","href":"https:\/\/api.w.org\/{rel}","templated":true}]}}